{"id":20200,"date":"2025-12-05T14:12:06","date_gmt":"2025-12-05T13:12:06","guid":{"rendered":"https:\/\/www.tucai.com\/noticias\/arranquem-nova-planta-al-vietnam\/"},"modified":"2025-12-11T11:44:29","modified_gmt":"2025-12-11T10:44:29","slug":"arranquem-nova-planta-al-vietnam","status":"publish","type":"noticias","link":"https:\/\/www.tucai.com\/ca\/noticias\/arranquem-nova-planta-al-vietnam\/","title":{"rendered":"Arranquem nova planta al Vietnam"},"content":{"rendered":"<p><strong>Amb aquesta nova f\u00e0brica, reforcem la nostra pres\u00e8ncia al continent asi\u00e0tic, on ja disposem de dues plantes productives a la Xina, a m\u00e9s de diverses oficines comercials a Europa, \u00c0sia i els EUA.<\/strong><\/p>\n<p>El passat 2 de desembre vam celebrar la inauguraci\u00f3 de les noves instal\u00b7lacions de Tucai a la ciutat de Da Nang. Va ser una jornada plena d&#8217;activitats en qu\u00e8 comptem amb m\u00e9s de 120 convidats entre empleats, clients, prove\u00efdors i tamb\u00e9 diferents autoritats, entre les quals hi ha el Conseller d&#8217;Empresa i Treball, Miquel S\u00e0mper, o l&#8217;ambaixadora d&#8217;Espanya al Vietnam, Carmen Cano de Lasala, a m\u00e9s d&#8217;autoritats locals vietnamites, cosa que demostra la import\u00e0ncia.<\/p>\n<p><img fetchpriority=\"high\" decoding=\"async\" class=\"aligncenter wp-image-20185\" src=\"https:\/\/www.tucai.com\/wp-content\/uploads\/2025\/12\/Corte-ribbon-TVN.jpg\" alt=\"\" width=\"548\" height=\"365\" srcset=\"https:\/\/www.tucai.com\/wp-content\/uploads\/2025\/12\/Corte-ribbon-TVN.jpg 1024w, https:\/\/www.tucai.com\/wp-content\/uploads\/2025\/12\/Corte-ribbon-TVN-300x200.jpg 300w, https:\/\/www.tucai.com\/wp-content\/uploads\/2025\/12\/Corte-ribbon-TVN-768x512.jpg 768w, https:\/\/www.tucai.com\/wp-content\/uploads\/2025\/12\/Corte-ribbon-TVN-600x400.jpg 600w\" sizes=\"(max-width: 548px) 100vw, 548px\" \/><\/p>\n<p>Aquesta nova planta, que en una primera fase comptar\u00e0 amb 50 empleats, ens permetr\u00e0 refor\u00e7ar el prove\u00efment a Europa i als Estats Units, aix\u00ed com servir\u00e0 de centre neur\u00e0lgic per distribuir els nostres productes als mercats que conformen la zona ASEAN. Durant la cerim\u00f2nia inaugural, Lorenzo Piera, CEO de l&#8217;empresa, va destacar:<\/p>\n<p><em>&#8220;C<\/em><em>on Tucai Vietnam aconseguim donar servei als nostres clients &#8211; tant fabricants com distribu\u00efdors &#8211; en una regi\u00f3 en ple desenvolupament. Els nostres productes  <\/em><em>s\u00f3n per instal \u00b7 lacions d&#8217;aigua potable i creiem que aqu\u00ed hi ha una gran oportunitat<\/em> . <em>Tucai Vietnam \u00e9s una planta integral de 6.500 m2 que s&#8217;ha desenvolupat amb est\u00e0ndards de qualitat europeus, automatitzada i competitiva, que ens permetr\u00e0 diferenciar-nos al mercat local i exportar als mercats m\u00e9s exigents com els Estats Units i Europa.<\/em> Com el mateix CEO va declarar <em>\u201caquest \u00e9s un gran pas endavant en la internacionalitzaci\u00f3 de la nostra companyia\u201d.<\/em><\/p>\n<p><em><img decoding=\"async\" class=\"aligncenter wp-image-20188\" src=\"https:\/\/www.tucai.com\/wp-content\/uploads\/2025\/12\/Discurs-LP-1.jpg\" alt=\"\" width=\"585\" height=\"297\" srcset=\"https:\/\/www.tucai.com\/wp-content\/uploads\/2025\/12\/Discurs-LP-1.jpg 756w, https:\/\/www.tucai.com\/wp-content\/uploads\/2025\/12\/Discurs-LP-1-300x152.jpg 300w, https:\/\/www.tucai.com\/wp-content\/uploads\/2025\/12\/Discurs-LP-1-600x305.jpg 600w\" sizes=\"(max-width: 585px) 100vw, 585px\" \/><\/em><\/p>\n<p>La inauguraci\u00f3 va constar d&#8217;una cerim\u00f2nia inaugural amb magnific\u00e8ncia, on directius i autoritats van donar els seus discursos, despr\u00e9s vam passar a un tour per la f\u00e0brica perqu\u00e8 els assistents poguessin con\u00e8ixer de prop les instal\u00b7lacions i els productes que s&#8217;hi fabricaran, i finalment, un dinar tots junts.<\/p>\n<p>Tot es va viure amb una barreja de cultures i un ambient molt agradables, on la satisfacci\u00f3 de l&#8217;equip Tucai estava m\u00e9s que present en veure que la nova planta de Tucai ja \u00e9s una realitat. Continuem creixent i mirant al futur.<\/p>\n<p>&nbsp;<\/p>\n<p>&nbsp;<\/p>\n","protected":false},"featured_media":20203,"template":"","categories":[],"class_list":["post-20200","noticias","type-noticias","status-publish","has-post-thumbnail","hentry"],"acf":[],"yoast_head":"<!-- This site is optimized with the Yoast SEO plugin v27.3 - https:\/\/yoast.com\/product\/yoast-seo-wordpress\/ -->\n<title>Arranquem nova planta al Vietnam - Tucai<\/title>\n<meta name=\"robots\" content=\"index, follow, max-snippet:-1, max-image-preview:large, max-video-preview:-1\" \/>\n<link rel=\"canonical\" href=\"https:\/\/www.tucai.com\/ca\/noticias\/arranquem-nova-planta-al-vietnam\/\" \/>\n<meta property=\"og:locale\" content=\"ca_ES\" \/>\n<meta property=\"og:type\" content=\"article\" \/>\n<meta property=\"og:title\" content=\"Arranquem nova planta al Vietnam - Tucai\" \/>\n<meta property=\"og:description\" content=\"Amb aquesta nova f\u00e0brica, reforcem la nostra pres\u00e8ncia al continent asi\u00e0tic, on ja disposem de dues plantes productives a la Xina, a m\u00e9s de diverses oficines comercials a Europa, \u00c0sia i els EUA. El passat 2 de desembre vam celebrar la inauguraci\u00f3 de les noves instal\u00b7lacions de Tucai a la ciutat de Da Nang. Va [&hellip;]\" \/>\n<meta property=\"og:url\" content=\"https:\/\/www.tucai.com\/ca\/noticias\/arranquem-nova-planta-al-vietnam\/\" \/>\n<meta property=\"og:site_name\" content=\"Tucai\" \/>\n<meta property=\"article:modified_time\" content=\"2025-12-11T10:44:29+00:00\" \/>\n<meta property=\"og:image\" content=\"https:\/\/www.tucai.com\/wp-content\/uploads\/2025\/12\/TVN-fachada.jpg\" \/>\n\t<meta property=\"og:image:width\" content=\"976\" \/>\n\t<meta property=\"og:image:height\" content=\"650\" \/>\n\t<meta property=\"og:image:type\" content=\"image\/jpeg\" \/>\n<meta name=\"twitter:card\" content=\"summary_large_image\" \/>\n<meta name=\"twitter:label1\" content=\"Temps estimat de lectura\" \/>\n\t<meta name=\"twitter:data1\" content=\"2 minuts\" \/>\n<script type=\"application\/ld+json\" class=\"yoast-schema-graph\">{\"@context\":\"https:\\\/\\\/schema.org\",\"@graph\":[{\"@type\":\"WebPage\",\"@id\":\"https:\\\/\\\/www.tucai.com\\\/ca\\\/noticias\\\/arranquem-nova-planta-al-vietnam\\\/\",\"url\":\"https:\\\/\\\/www.tucai.com\\\/ca\\\/noticias\\\/arranquem-nova-planta-al-vietnam\\\/\",\"name\":\"Arranquem nova planta al Vietnam - Tucai\",\"isPartOf\":{\"@id\":\"https:\\\/\\\/www.tucai.com\\\/ca\\\/#website\"},\"primaryImageOfPage\":{\"@id\":\"https:\\\/\\\/www.tucai.com\\\/ca\\\/noticias\\\/arranquem-nova-planta-al-vietnam\\\/#primaryimage\"},\"image\":{\"@id\":\"https:\\\/\\\/www.tucai.com\\\/ca\\\/noticias\\\/arranquem-nova-planta-al-vietnam\\\/#primaryimage\"},\"thumbnailUrl\":\"https:\\\/\\\/www.tucai.com\\\/wp-content\\\/uploads\\\/2025\\\/12\\\/TVN-fachada.jpg\",\"datePublished\":\"2025-12-05T13:12:06+00:00\",\"dateModified\":\"2025-12-11T10:44:29+00:00\",\"breadcrumb\":{\"@id\":\"https:\\\/\\\/www.tucai.com\\\/ca\\\/noticias\\\/arranquem-nova-planta-al-vietnam\\\/#breadcrumb\"},\"inLanguage\":\"ca\",\"potentialAction\":[{\"@type\":\"ReadAction\",\"target\":[\"https:\\\/\\\/www.tucai.com\\\/ca\\\/noticias\\\/arranquem-nova-planta-al-vietnam\\\/\"]}]},{\"@type\":\"ImageObject\",\"inLanguage\":\"ca\",\"@id\":\"https:\\\/\\\/www.tucai.com\\\/ca\\\/noticias\\\/arranquem-nova-planta-al-vietnam\\\/#primaryimage\",\"url\":\"https:\\\/\\\/www.tucai.com\\\/wp-content\\\/uploads\\\/2025\\\/12\\\/TVN-fachada.jpg\",\"contentUrl\":\"https:\\\/\\\/www.tucai.com\\\/wp-content\\\/uploads\\\/2025\\\/12\\\/TVN-fachada.jpg\",\"width\":976,\"height\":650},{\"@type\":\"BreadcrumbList\",\"@id\":\"https:\\\/\\\/www.tucai.com\\\/ca\\\/noticias\\\/arranquem-nova-planta-al-vietnam\\\/#breadcrumb\",\"itemListElement\":[{\"@type\":\"ListItem\",\"position\":1,\"name\":\"Portada\",\"item\":\"https:\\\/\\\/www.tucai.com\\\/ca\\\/inici\\\/\"},{\"@type\":\"ListItem\",\"position\":2,\"name\":\"Arranquem nova planta al Vietnam\"}]},{\"@type\":\"WebSite\",\"@id\":\"https:\\\/\\\/www.tucai.com\\\/ca\\\/#website\",\"url\":\"https:\\\/\\\/www.tucai.com\\\/ca\\\/\",\"name\":\"Tucai\",\"description\":\"Latiguillos Flexibles y V\u00e1lvulas\",\"publisher\":{\"@id\":\"https:\\\/\\\/www.tucai.com\\\/ca\\\/#organization\"},\"potentialAction\":[{\"@type\":\"SearchAction\",\"target\":{\"@type\":\"EntryPoint\",\"urlTemplate\":\"https:\\\/\\\/www.tucai.com\\\/ca\\\/?s={search_term_string}\"},\"query-input\":{\"@type\":\"PropertyValueSpecification\",\"valueRequired\":true,\"valueName\":\"search_term_string\"}}],\"inLanguage\":\"ca\"},{\"@type\":\"Organization\",\"@id\":\"https:\\\/\\\/www.tucai.com\\\/ca\\\/#organization\",\"name\":\"Tucai\",\"url\":\"https:\\\/\\\/www.tucai.com\\\/ca\\\/\",\"logo\":{\"@type\":\"ImageObject\",\"inLanguage\":\"ca\",\"@id\":\"https:\\\/\\\/www.tucai.com\\\/ca\\\/#\\\/schema\\\/logo\\\/image\\\/\",\"url\":\"https:\\\/\\\/www.tucai.com\\\/wp-content\\\/uploads\\\/2022\\\/10\\\/logo-tucai.png\",\"contentUrl\":\"https:\\\/\\\/www.tucai.com\\\/wp-content\\\/uploads\\\/2022\\\/10\\\/logo-tucai.png\",\"width\":350,\"height\":100,\"caption\":\"Tucai\"},\"image\":{\"@id\":\"https:\\\/\\\/www.tucai.com\\\/ca\\\/#\\\/schema\\\/logo\\\/image\\\/\"}}]}<\/script>\n<!-- \/ Yoast SEO plugin. -->","yoast_head_json":{"title":"Arranquem nova planta al Vietnam - Tucai","robots":{"index":"index","follow":"follow","max-snippet":"max-snippet:-1","max-image-preview":"max-image-preview:large","max-video-preview":"max-video-preview:-1"},"canonical":"https:\/\/www.tucai.com\/ca\/noticias\/arranquem-nova-planta-al-vietnam\/","og_locale":"ca_ES","og_type":"article","og_title":"Arranquem nova planta al Vietnam - Tucai","og_description":"Amb aquesta nova f\u00e0brica, reforcem la nostra pres\u00e8ncia al continent asi\u00e0tic, on ja disposem de dues plantes productives a la Xina, a m\u00e9s de diverses oficines comercials a Europa, \u00c0sia i els EUA. El passat 2 de desembre vam celebrar la inauguraci\u00f3 de les noves instal\u00b7lacions de Tucai a la ciutat de Da Nang. Va [&hellip;]","og_url":"https:\/\/www.tucai.com\/ca\/noticias\/arranquem-nova-planta-al-vietnam\/","og_site_name":"Tucai","article_modified_time":"2025-12-11T10:44:29+00:00","og_image":[{"width":976,"height":650,"url":"https:\/\/www.tucai.com\/wp-content\/uploads\/2025\/12\/TVN-fachada.jpg","type":"image\/jpeg"}],"twitter_card":"summary_large_image","twitter_misc":{"Temps estimat de lectura":"2 minuts"},"schema":{"@context":"https:\/\/schema.org","@graph":[{"@type":"WebPage","@id":"https:\/\/www.tucai.com\/ca\/noticias\/arranquem-nova-planta-al-vietnam\/","url":"https:\/\/www.tucai.com\/ca\/noticias\/arranquem-nova-planta-al-vietnam\/","name":"Arranquem nova planta al Vietnam - Tucai","isPartOf":{"@id":"https:\/\/www.tucai.com\/ca\/#website"},"primaryImageOfPage":{"@id":"https:\/\/www.tucai.com\/ca\/noticias\/arranquem-nova-planta-al-vietnam\/#primaryimage"},"image":{"@id":"https:\/\/www.tucai.com\/ca\/noticias\/arranquem-nova-planta-al-vietnam\/#primaryimage"},"thumbnailUrl":"https:\/\/www.tucai.com\/wp-content\/uploads\/2025\/12\/TVN-fachada.jpg","datePublished":"2025-12-05T13:12:06+00:00","dateModified":"2025-12-11T10:44:29+00:00","breadcrumb":{"@id":"https:\/\/www.tucai.com\/ca\/noticias\/arranquem-nova-planta-al-vietnam\/#breadcrumb"},"inLanguage":"ca","potentialAction":[{"@type":"ReadAction","target":["https:\/\/www.tucai.com\/ca\/noticias\/arranquem-nova-planta-al-vietnam\/"]}]},{"@type":"ImageObject","inLanguage":"ca","@id":"https:\/\/www.tucai.com\/ca\/noticias\/arranquem-nova-planta-al-vietnam\/#primaryimage","url":"https:\/\/www.tucai.com\/wp-content\/uploads\/2025\/12\/TVN-fachada.jpg","contentUrl":"https:\/\/www.tucai.com\/wp-content\/uploads\/2025\/12\/TVN-fachada.jpg","width":976,"height":650},{"@type":"BreadcrumbList","@id":"https:\/\/www.tucai.com\/ca\/noticias\/arranquem-nova-planta-al-vietnam\/#breadcrumb","itemListElement":[{"@type":"ListItem","position":1,"name":"Portada","item":"https:\/\/www.tucai.com\/ca\/inici\/"},{"@type":"ListItem","position":2,"name":"Arranquem nova planta al Vietnam"}]},{"@type":"WebSite","@id":"https:\/\/www.tucai.com\/ca\/#website","url":"https:\/\/www.tucai.com\/ca\/","name":"Tucai","description":"Latiguillos Flexibles y V\u00e1lvulas","publisher":{"@id":"https:\/\/www.tucai.com\/ca\/#organization"},"potentialAction":[{"@type":"SearchAction","target":{"@type":"EntryPoint","urlTemplate":"https:\/\/www.tucai.com\/ca\/?s={search_term_string}"},"query-input":{"@type":"PropertyValueSpecification","valueRequired":true,"valueName":"search_term_string"}}],"inLanguage":"ca"},{"@type":"Organization","@id":"https:\/\/www.tucai.com\/ca\/#organization","name":"Tucai","url":"https:\/\/www.tucai.com\/ca\/","logo":{"@type":"ImageObject","inLanguage":"ca","@id":"https:\/\/www.tucai.com\/ca\/#\/schema\/logo\/image\/","url":"https:\/\/www.tucai.com\/wp-content\/uploads\/2022\/10\/logo-tucai.png","contentUrl":"https:\/\/www.tucai.com\/wp-content\/uploads\/2022\/10\/logo-tucai.png","width":350,"height":100,"caption":"Tucai"},"image":{"@id":"https:\/\/www.tucai.com\/ca\/#\/schema\/logo\/image\/"}}]}},"_links":{"self":[{"href":"https:\/\/www.tucai.com\/ca\/wp-json\/wp\/v2\/noticias\/20200","targetHints":{"allow":["GET"]}}],"collection":[{"href":"https:\/\/www.tucai.com\/ca\/wp-json\/wp\/v2\/noticias"}],"about":[{"href":"https:\/\/www.tucai.com\/ca\/wp-json\/wp\/v2\/types\/noticias"}],"wp:featuredmedia":[{"embeddable":true,"href":"https:\/\/www.tucai.com\/ca\/wp-json\/wp\/v2\/media\/20203"}],"wp:attachment":[{"href":"https:\/\/www.tucai.com\/ca\/wp-json\/wp\/v2\/media?parent=20200"}],"wp:term":[{"taxonomy":"category","embeddable":true,"href":"https:\/\/www.tucai.com\/ca\/wp-json\/wp\/v2\/categories?post=20200"}],"curies":[{"name":"wp","href":"https:\/\/api.w.org\/{rel}","templated":true}]}}