{"id":20222,"date":"2025-12-05T14:12:06","date_gmt":"2025-12-05T13:12:06","guid":{"rendered":"https:\/\/www.tucai.com\/noticias\/wir-haben-ein-neues-werk-in-vietnam-eroeffnet\/"},"modified":"2025-12-05T14:12:06","modified_gmt":"2025-12-05T13:12:06","slug":"wir-haben-ein-neues-werk-in-vietnam-eroeffnet","status":"publish","type":"noticias","link":"https:\/\/www.tucai.com\/de\/noticias\/wir-haben-ein-neues-werk-in-vietnam-eroeffnet\/","title":{"rendered":"Wir haben ein neues Werk in Vietnam er\u00f6ffnet."},"content":{"rendered":"<p><strong>Mit diesem neuen Werk st\u00e4rken wir unsere Pr\u00e4senz in Asien, wo wir bereits zwei Produktionsst\u00e4tten in China sowie mehrere Vertriebsb\u00fcros in Europa, Asien und den USA betreiben.<\/strong><\/p>\n<p>Am 2. Dezember feierten wir die Er\u00f6ffnung der neuen Einrichtungen von Tucai in der Stadt Da Nang. Es war ein Tag voller Aktivit\u00e4ten, an dem wir \u00fcber 120 G\u00e4ste begr\u00fc\u00dfen durften, darunter Mitarbeiter, Kunden, Lieferanten sowie Vertreter verschiedener Beh\u00f6rden, darunter der Conseller d&#8217;Empresa i Treball, Miquel S\u00e0mper, die spanische Botschafterin in Vietnam, Carmen Cano de Lasala, und Vertreter der vietnamesischen Lokalbeh\u00f6rden, was die Bedeutung dieses gro\u00dfen Meilensteins unterstreicht.<\/p>\n<p><img fetchpriority=\"high\" decoding=\"async\" class=\"aligncenter wp-image-20185\" src=\"https:\/\/www.tucai.com\/wp-content\/uploads\/2025\/12\/Corte-ribbon-TVN.jpg\" alt=\"\" width=\"548\" height=\"365\" srcset=\"https:\/\/www.tucai.com\/wp-content\/uploads\/2025\/12\/Corte-ribbon-TVN.jpg 1024w, https:\/\/www.tucai.com\/wp-content\/uploads\/2025\/12\/Corte-ribbon-TVN-300x200.jpg 300w, https:\/\/www.tucai.com\/wp-content\/uploads\/2025\/12\/Corte-ribbon-TVN-768x512.jpg 768w, https:\/\/www.tucai.com\/wp-content\/uploads\/2025\/12\/Corte-ribbon-TVN-600x400.jpg 600w\" sizes=\"(max-width: 548px) 100vw, 548px\" \/><\/p>\n<p>Dieses neue Werk, in dem zun\u00e4chst 50 Mitarbeiter besch\u00e4ftigt werden, wird es uns erm\u00f6glichen, unsere Lieferungen nach Europa und in die Vereinigten Staaten zu st\u00e4rken und gleichzeitig als zentrale Drehscheibe f\u00fcr den Vertrieb unserer Produkte in den M\u00e4rkten der ASEAN-Region zu dienen. W\u00e4hrend der Er\u00f6ffnungszeremonie hob Lorenzo Piera, der CEO des Unternehmens, Folgendes hervor:<\/p>\n<p><em>&#8222;C<\/em><em>Bei Tucai Vietnam sind wir in der Lage, unsere Kunden \u2013 sowohl Hersteller als auch H\u00e4ndler \u2013 in einer sich rasant entwickelnden Region zu bedienen. Unsere Produkte  <\/em><em>Diese Anlagen sind f\u00fcr Trinkwasseraufbereitungsanlagen bestimmt, und wir sehen hier gro\u00dfes Potenzial<\/em> . <em>Tucai Vietnam ist eine 6.500 m\u00b2 gro\u00dfe, integrierte Anlage, die nach europ\u00e4ischen Qualit\u00e4tsstandards entwickelt wurde. Sie ist automatisiert und wettbewerbsf\u00e4hig, wodurch wir uns auf dem lokalen Markt differenzieren und in anspruchsvolle M\u00e4rkte wie die USA und Europa exportieren k\u00f6nnen.<\/em> Wie der CEO selbst erkl\u00e4rte <em>: \u201eDies ist ein wichtiger Schritt zur Internationalisierung unseres Unternehmens.\u201c<\/em><\/p>\n<p><em><img decoding=\"async\" class=\"aligncenter wp-image-20188\" src=\"https:\/\/www.tucai.com\/wp-content\/uploads\/2025\/12\/Discurs-LP-1.jpg\" alt=\"\" width=\"585\" height=\"297\" srcset=\"https:\/\/www.tucai.com\/wp-content\/uploads\/2025\/12\/Discurs-LP-1.jpg 756w, https:\/\/www.tucai.com\/wp-content\/uploads\/2025\/12\/Discurs-LP-1-300x152.jpg 300w, https:\/\/www.tucai.com\/wp-content\/uploads\/2025\/12\/Discurs-LP-1-600x305.jpg 600w\" sizes=\"(max-width: 585px) 100vw, 585px\" \/><\/em><\/p>\n<p>Die Einweihung begann mit einer gro\u00dfen Er\u00f6ffnungszeremonie, bei der F\u00fchrungskr\u00e4fte und Verantwortliche Reden hielten. Anschlie\u00dfend besichtigten wir das Werk, damit die Teilnehmer die Anlagen und die dort hergestellten Produkte aus n\u00e4chster N\u00e4he kennenlernen konnten. Zum Abschluss gab es ein gemeinsames Essen.<\/p>\n<p>Das Erlebnis war gepr\u00e4gt von einem Mix der Kulturen und einer sehr angenehmen Atmosph\u00e4re, in der die Zufriedenheit des Tucai-Teams deutlich sp\u00fcrbar war, als sie sahen, dass das neue Tucai-Werk nun Realit\u00e4t geworden ist. Wir wachsen weiter und blicken optimistisch in die Zukunft.<\/p>\n<p>&nbsp;<\/p>\n<p>&nbsp;<\/p>\n","protected":false},"featured_media":20223,"template":"","categories":[],"class_list":["post-20222","noticias","type-noticias","status-publish","has-post-thumbnail","hentry"],"acf":[],"yoast_head":"<!-- This site is optimized with the Yoast SEO plugin v27.3 - https:\/\/yoast.com\/product\/yoast-seo-wordpress\/ -->\n<title>Wir haben ein neues Werk in Vietnam er\u00f6ffnet. - Tucai<\/title>\n<meta name=\"robots\" content=\"index, follow, max-snippet:-1, max-image-preview:large, max-video-preview:-1\" \/>\n<link rel=\"canonical\" href=\"https:\/\/www.tucai.com\/de\/noticias\/wir-haben-ein-neues-werk-in-vietnam-eroeffnet\/\" \/>\n<meta property=\"og:locale\" content=\"de_DE\" \/>\n<meta property=\"og:type\" content=\"article\" \/>\n<meta property=\"og:title\" content=\"Wir haben ein neues Werk in Vietnam er\u00f6ffnet. - Tucai\" \/>\n<meta property=\"og:description\" content=\"Mit diesem neuen Werk st\u00e4rken wir unsere Pr\u00e4senz in Asien, wo wir bereits zwei Produktionsst\u00e4tten in China sowie mehrere Vertriebsb\u00fcros in Europa, Asien und den USA betreiben. Am 2. Dezember feierten wir die Er\u00f6ffnung der neuen Einrichtungen von Tucai in der Stadt Da Nang. Es war ein Tag voller Aktivit\u00e4ten, an dem wir \u00fcber 120 [&hellip;]\" \/>\n<meta property=\"og:url\" content=\"https:\/\/www.tucai.com\/de\/noticias\/wir-haben-ein-neues-werk-in-vietnam-eroeffnet\/\" \/>\n<meta property=\"og:site_name\" content=\"Tucai\" \/>\n<meta property=\"og:image\" content=\"https:\/\/www.tucai.com\/wp-content\/uploads\/2025\/12\/TVN-fachada.jpg\" \/>\n\t<meta property=\"og:image:width\" content=\"976\" \/>\n\t<meta property=\"og:image:height\" content=\"650\" \/>\n\t<meta property=\"og:image:type\" content=\"image\/jpeg\" \/>\n<meta name=\"twitter:card\" content=\"summary_large_image\" \/>\n<meta name=\"twitter:label1\" content=\"Gesch\u00e4tzte Lesezeit\" \/>\n\t<meta name=\"twitter:data1\" content=\"2\u00a0Minuten\" \/>\n<script type=\"application\/ld+json\" class=\"yoast-schema-graph\">{\"@context\":\"https:\\\/\\\/schema.org\",\"@graph\":[{\"@type\":\"WebPage\",\"@id\":\"https:\\\/\\\/www.tucai.com\\\/de\\\/noticias\\\/wir-haben-ein-neues-werk-in-vietnam-eroeffnet\\\/\",\"url\":\"https:\\\/\\\/www.tucai.com\\\/de\\\/noticias\\\/wir-haben-ein-neues-werk-in-vietnam-eroeffnet\\\/\",\"name\":\"Wir haben ein neues Werk in Vietnam er\u00f6ffnet. - Tucai\",\"isPartOf\":{\"@id\":\"https:\\\/\\\/www.tucai.com\\\/de\\\/#website\"},\"primaryImageOfPage\":{\"@id\":\"https:\\\/\\\/www.tucai.com\\\/de\\\/noticias\\\/wir-haben-ein-neues-werk-in-vietnam-eroeffnet\\\/#primaryimage\"},\"image\":{\"@id\":\"https:\\\/\\\/www.tucai.com\\\/de\\\/noticias\\\/wir-haben-ein-neues-werk-in-vietnam-eroeffnet\\\/#primaryimage\"},\"thumbnailUrl\":\"https:\\\/\\\/www.tucai.com\\\/wp-content\\\/uploads\\\/2025\\\/12\\\/TVN-fachada.jpg\",\"datePublished\":\"2025-12-05T13:12:06+00:00\",\"breadcrumb\":{\"@id\":\"https:\\\/\\\/www.tucai.com\\\/de\\\/noticias\\\/wir-haben-ein-neues-werk-in-vietnam-eroeffnet\\\/#breadcrumb\"},\"inLanguage\":\"de\",\"potentialAction\":[{\"@type\":\"ReadAction\",\"target\":[\"https:\\\/\\\/www.tucai.com\\\/de\\\/noticias\\\/wir-haben-ein-neues-werk-in-vietnam-eroeffnet\\\/\"]}]},{\"@type\":\"ImageObject\",\"inLanguage\":\"de\",\"@id\":\"https:\\\/\\\/www.tucai.com\\\/de\\\/noticias\\\/wir-haben-ein-neues-werk-in-vietnam-eroeffnet\\\/#primaryimage\",\"url\":\"https:\\\/\\\/www.tucai.com\\\/wp-content\\\/uploads\\\/2025\\\/12\\\/TVN-fachada.jpg\",\"contentUrl\":\"https:\\\/\\\/www.tucai.com\\\/wp-content\\\/uploads\\\/2025\\\/12\\\/TVN-fachada.jpg\",\"width\":976,\"height\":650},{\"@type\":\"BreadcrumbList\",\"@id\":\"https:\\\/\\\/www.tucai.com\\\/de\\\/noticias\\\/wir-haben-ein-neues-werk-in-vietnam-eroeffnet\\\/#breadcrumb\",\"itemListElement\":[{\"@type\":\"ListItem\",\"position\":1,\"name\":\"Portada\",\"item\":\"https:\\\/\\\/www.tucai.com\\\/de\\\/\"},{\"@type\":\"ListItem\",\"position\":2,\"name\":\"Wir haben ein neues Werk in Vietnam er\u00f6ffnet.\"}]},{\"@type\":\"WebSite\",\"@id\":\"https:\\\/\\\/www.tucai.com\\\/de\\\/#website\",\"url\":\"https:\\\/\\\/www.tucai.com\\\/de\\\/\",\"name\":\"Tucai\",\"description\":\"Latiguillos Flexibles y V\u00e1lvulas\",\"publisher\":{\"@id\":\"https:\\\/\\\/www.tucai.com\\\/de\\\/#organization\"},\"potentialAction\":[{\"@type\":\"SearchAction\",\"target\":{\"@type\":\"EntryPoint\",\"urlTemplate\":\"https:\\\/\\\/www.tucai.com\\\/de\\\/?s={search_term_string}\"},\"query-input\":{\"@type\":\"PropertyValueSpecification\",\"valueRequired\":true,\"valueName\":\"search_term_string\"}}],\"inLanguage\":\"de\"},{\"@type\":\"Organization\",\"@id\":\"https:\\\/\\\/www.tucai.com\\\/de\\\/#organization\",\"name\":\"Tucai\",\"url\":\"https:\\\/\\\/www.tucai.com\\\/de\\\/\",\"logo\":{\"@type\":\"ImageObject\",\"inLanguage\":\"de\",\"@id\":\"https:\\\/\\\/www.tucai.com\\\/de\\\/#\\\/schema\\\/logo\\\/image\\\/\",\"url\":\"https:\\\/\\\/www.tucai.com\\\/wp-content\\\/uploads\\\/2022\\\/10\\\/logo-tucai.png\",\"contentUrl\":\"https:\\\/\\\/www.tucai.com\\\/wp-content\\\/uploads\\\/2022\\\/10\\\/logo-tucai.png\",\"width\":350,\"height\":100,\"caption\":\"Tucai\"},\"image\":{\"@id\":\"https:\\\/\\\/www.tucai.com\\\/de\\\/#\\\/schema\\\/logo\\\/image\\\/\"}}]}<\/script>\n<!-- \/ Yoast SEO plugin. -->","yoast_head_json":{"title":"Wir haben ein neues Werk in Vietnam er\u00f6ffnet. - Tucai","robots":{"index":"index","follow":"follow","max-snippet":"max-snippet:-1","max-image-preview":"max-image-preview:large","max-video-preview":"max-video-preview:-1"},"canonical":"https:\/\/www.tucai.com\/de\/noticias\/wir-haben-ein-neues-werk-in-vietnam-eroeffnet\/","og_locale":"de_DE","og_type":"article","og_title":"Wir haben ein neues Werk in Vietnam er\u00f6ffnet. - Tucai","og_description":"Mit diesem neuen Werk st\u00e4rken wir unsere Pr\u00e4senz in Asien, wo wir bereits zwei Produktionsst\u00e4tten in China sowie mehrere Vertriebsb\u00fcros in Europa, Asien und den USA betreiben. Am 2. Dezember feierten wir die Er\u00f6ffnung der neuen Einrichtungen von Tucai in der Stadt Da Nang. Es war ein Tag voller Aktivit\u00e4ten, an dem wir \u00fcber 120 [&hellip;]","og_url":"https:\/\/www.tucai.com\/de\/noticias\/wir-haben-ein-neues-werk-in-vietnam-eroeffnet\/","og_site_name":"Tucai","og_image":[{"width":976,"height":650,"url":"https:\/\/www.tucai.com\/wp-content\/uploads\/2025\/12\/TVN-fachada.jpg","type":"image\/jpeg"}],"twitter_card":"summary_large_image","twitter_misc":{"Gesch\u00e4tzte Lesezeit":"2\u00a0Minuten"},"schema":{"@context":"https:\/\/schema.org","@graph":[{"@type":"WebPage","@id":"https:\/\/www.tucai.com\/de\/noticias\/wir-haben-ein-neues-werk-in-vietnam-eroeffnet\/","url":"https:\/\/www.tucai.com\/de\/noticias\/wir-haben-ein-neues-werk-in-vietnam-eroeffnet\/","name":"Wir haben ein neues Werk in Vietnam er\u00f6ffnet. - Tucai","isPartOf":{"@id":"https:\/\/www.tucai.com\/de\/#website"},"primaryImageOfPage":{"@id":"https:\/\/www.tucai.com\/de\/noticias\/wir-haben-ein-neues-werk-in-vietnam-eroeffnet\/#primaryimage"},"image":{"@id":"https:\/\/www.tucai.com\/de\/noticias\/wir-haben-ein-neues-werk-in-vietnam-eroeffnet\/#primaryimage"},"thumbnailUrl":"https:\/\/www.tucai.com\/wp-content\/uploads\/2025\/12\/TVN-fachada.jpg","datePublished":"2025-12-05T13:12:06+00:00","breadcrumb":{"@id":"https:\/\/www.tucai.com\/de\/noticias\/wir-haben-ein-neues-werk-in-vietnam-eroeffnet\/#breadcrumb"},"inLanguage":"de","potentialAction":[{"@type":"ReadAction","target":["https:\/\/www.tucai.com\/de\/noticias\/wir-haben-ein-neues-werk-in-vietnam-eroeffnet\/"]}]},{"@type":"ImageObject","inLanguage":"de","@id":"https:\/\/www.tucai.com\/de\/noticias\/wir-haben-ein-neues-werk-in-vietnam-eroeffnet\/#primaryimage","url":"https:\/\/www.tucai.com\/wp-content\/uploads\/2025\/12\/TVN-fachada.jpg","contentUrl":"https:\/\/www.tucai.com\/wp-content\/uploads\/2025\/12\/TVN-fachada.jpg","width":976,"height":650},{"@type":"BreadcrumbList","@id":"https:\/\/www.tucai.com\/de\/noticias\/wir-haben-ein-neues-werk-in-vietnam-eroeffnet\/#breadcrumb","itemListElement":[{"@type":"ListItem","position":1,"name":"Portada","item":"https:\/\/www.tucai.com\/de\/"},{"@type":"ListItem","position":2,"name":"Wir haben ein neues Werk in Vietnam er\u00f6ffnet."}]},{"@type":"WebSite","@id":"https:\/\/www.tucai.com\/de\/#website","url":"https:\/\/www.tucai.com\/de\/","name":"Tucai","description":"Latiguillos Flexibles y V\u00e1lvulas","publisher":{"@id":"https:\/\/www.tucai.com\/de\/#organization"},"potentialAction":[{"@type":"SearchAction","target":{"@type":"EntryPoint","urlTemplate":"https:\/\/www.tucai.com\/de\/?s={search_term_string}"},"query-input":{"@type":"PropertyValueSpecification","valueRequired":true,"valueName":"search_term_string"}}],"inLanguage":"de"},{"@type":"Organization","@id":"https:\/\/www.tucai.com\/de\/#organization","name":"Tucai","url":"https:\/\/www.tucai.com\/de\/","logo":{"@type":"ImageObject","inLanguage":"de","@id":"https:\/\/www.tucai.com\/de\/#\/schema\/logo\/image\/","url":"https:\/\/www.tucai.com\/wp-content\/uploads\/2022\/10\/logo-tucai.png","contentUrl":"https:\/\/www.tucai.com\/wp-content\/uploads\/2022\/10\/logo-tucai.png","width":350,"height":100,"caption":"Tucai"},"image":{"@id":"https:\/\/www.tucai.com\/de\/#\/schema\/logo\/image\/"}}]}},"_links":{"self":[{"href":"https:\/\/www.tucai.com\/de\/wp-json\/wp\/v2\/noticias\/20222","targetHints":{"allow":["GET"]}}],"collection":[{"href":"https:\/\/www.tucai.com\/de\/wp-json\/wp\/v2\/noticias"}],"about":[{"href":"https:\/\/www.tucai.com\/de\/wp-json\/wp\/v2\/types\/noticias"}],"wp:featuredmedia":[{"embeddable":true,"href":"https:\/\/www.tucai.com\/de\/wp-json\/wp\/v2\/media\/20223"}],"wp:attachment":[{"href":"https:\/\/www.tucai.com\/de\/wp-json\/wp\/v2\/media?parent=20222"}],"wp:term":[{"taxonomy":"category","embeddable":true,"href":"https:\/\/www.tucai.com\/de\/wp-json\/wp\/v2\/categories?post=20222"}],"curies":[{"name":"wp","href":"https:\/\/api.w.org\/{rel}","templated":true}]}}